{"id":210,"count":21,"description":"In 2019, Po\u00e7as took the liberty of sharing with the world the wines that were previously only shared amongst family and friends, the results of experiments carried out by the oenology team. This project has an artisanal theme and is called \u201cFora da S\u00e9rie\u201d - one-off or limited edition - and came about as a result of the desire to reinvent techniques, artefacts and stories from the past, as well as a strong curiosity to see what surprises might be in store.\r\n\u201cFora da S\u00e9rie\u201d is also unusual because it is experimental in character, and because it exists in a limited edition - just right for those who are curious about and interested in the art of wine.","link":"https:\/\/pocas.pt\/en\/product-category\/fora-da-serie-en\/","name":"Fora da S\u00e9rie","slug":"fora-da-serie-en","taxonomy":"product_cat","parent":0,"meta":[],"acf":[],"yoast_head":"<!-- This site is optimized with the Yoast SEO plugin v24.0 - https:\/\/yoast.com\/wordpress\/plugins\/seo\/ -->\r\n<title>Arquivo de Fora da S\u00e9rie - Po\u00e7as - Produtor Independente de Vinhos DOC Douro e do Porto<\/title>\r\n<meta name=\"robots\" content=\"index, follow, max-snippet:-1, max-image-preview:large, max-video-preview:-1\" \/>\r\n<link rel=\"canonical\" href=\"https:\/\/pocas.pt\/product-category\/fora-da-serie-en\/?lang=en\" \/>\r\n<meta property=\"og:locale\" content=\"en_US\" \/>\r\n<meta property=\"og:type\" content=\"article\" \/>\r\n<meta property=\"og:title\" content=\"Arquivo de Fora da S\u00e9rie - Po\u00e7as - Produtor Independente de Vinhos DOC Douro e do Porto\" \/>\r\n<meta property=\"og:description\" content=\"In 2019, Po\u00e7as took the liberty of sharing with the world the wines that were previously only shared amongst family and friends, the results of experiments carried out by the oenology team. This project has an artisanal theme and is called \u201cFora da S\u00e9rie\u201d &#8211; one-off or limited edition &#8211; and came about as a result of the desire to reinvent techniques, artefacts and stories from the past, as well as a strong curiosity to see what surprises might be in store. \u201cFora da S\u00e9rie\u201d is also unusual because it is experimental in character, and because it exists in a limited edition &#8211; just right for those who are curious about and interested in the art of wine.\" \/>\r\n<meta property=\"og:url\" content=\"https:\/\/pocas.pt\/product-category\/fora-da-serie-en\/?lang=en\" \/>\r\n<meta property=\"og:site_name\" content=\"Po\u00e7as - Produtor Independente de Vinhos DOC Douro e do Porto\" \/>\r\n<meta name=\"twitter:card\" content=\"summary_large_image\" \/>\r\n<meta name=\"twitter:site\" content=\"@pocaswines\" \/>\r\n<script type=\"application\/ld+json\" class=\"yoast-schema-graph\">{\"@context\":\"https:\/\/schema.org\",\"@graph\":[{\"@type\":\"CollectionPage\",\"@id\":\"https:\/\/pocas.pt\/product-category\/fora-da-serie-en\/?lang=en\",\"url\":\"https:\/\/pocas.pt\/product-category\/fora-da-serie-en\/?lang=en\",\"name\":\"Arquivo de Fora da S\u00e9rie - Po\u00e7as - Produtor Independente de Vinhos DOC Douro e do Porto\",\"isPartOf\":{\"@id\":\"https:\/\/pocas.pt\/#website\"},\"breadcrumb\":{\"@id\":\"https:\/\/pocas.pt\/product-category\/fora-da-serie-en\/?lang=en#breadcrumb\"},\"inLanguage\":\"en-US\"},{\"@type\":\"BreadcrumbList\",\"@id\":\"https:\/\/pocas.pt\/product-category\/fora-da-serie-en\/?lang=en#breadcrumb\",\"itemListElement\":[{\"@type\":\"ListItem\",\"position\":1,\"name\":\"In\u00edcio\",\"item\":\"https:\/\/pocas.pt\/en\/\"},{\"@type\":\"ListItem\",\"position\":2,\"name\":\"Fora da S\u00e9rie\"}]},{\"@type\":\"WebSite\",\"@id\":\"https:\/\/pocas.pt\/#website\",\"url\":\"https:\/\/pocas.pt\/\",\"name\":\"Po\u00e7as - Produtor Independente de Vinhos DOC Douro e do Porto\",\"description\":\"\",\"publisher\":{\"@id\":\"https:\/\/pocas.pt\/#organization\"},\"potentialAction\":[{\"@type\":\"SearchAction\",\"target\":{\"@type\":\"EntryPoint\",\"urlTemplate\":\"https:\/\/pocas.pt\/?s={search_term_string}\"},\"query-input\":{\"@type\":\"PropertyValueSpecification\",\"valueRequired\":true,\"valueName\":\"search_term_string\"}}],\"inLanguage\":\"en-US\"},{\"@type\":\"Organization\",\"@id\":\"https:\/\/pocas.pt\/#organization\",\"name\":\"Po\u00e7as J\u00fanior\",\"url\":\"https:\/\/pocas.pt\/\",\"logo\":{\"@type\":\"ImageObject\",\"inLanguage\":\"en-US\",\"@id\":\"https:\/\/pocas.pt\/#\/schema\/logo\/image\/\",\"url\":\"https:\/\/pocas.pt\/wp-content\/uploads\/2021\/03\/logotipo-pocas-black.svg\",\"contentUrl\":\"https:\/\/pocas.pt\/wp-content\/uploads\/2021\/03\/logotipo-pocas-black.svg\",\"width\":612,\"height\":261,\"caption\":\"Po\u00e7as J\u00fanior\"},\"image\":{\"@id\":\"https:\/\/pocas.pt\/#\/schema\/logo\/image\/\"},\"sameAs\":[\"https:\/\/www.facebook.com\/Pocas.Wines\",\"https:\/\/x.com\/pocaswines\",\"https:\/\/www.instagram.com\/pocaswines\/\"]}]}<\/script>\r\n<!-- \/ Yoast SEO plugin. -->","yoast_head_json":{"title":"Arquivo de Fora da S\u00e9rie - Po\u00e7as - Produtor Independente de Vinhos DOC Douro e do Porto","robots":{"index":"index","follow":"follow","max-snippet":"max-snippet:-1","max-image-preview":"max-image-preview:large","max-video-preview":"max-video-preview:-1"},"canonical":"https:\/\/pocas.pt\/product-category\/fora-da-serie-en\/?lang=en","og_locale":"en_US","og_type":"article","og_title":"Arquivo de Fora da S\u00e9rie - Po\u00e7as - Produtor Independente de Vinhos DOC Douro e do Porto","og_description":"In 2019, Po\u00e7as took the liberty of sharing with the world the wines that were previously only shared amongst family and friends, the results of experiments carried out by the oenology team. This project has an artisanal theme and is called \u201cFora da S\u00e9rie\u201d &#8211; one-off or limited edition &#8211; and came about as a result of the desire to reinvent techniques, artefacts and stories from the past, as well as a strong curiosity to see what surprises might be in store. \u201cFora da S\u00e9rie\u201d is also unusual because it is experimental in character, and because it exists in a limited edition &#8211; just right for those who are curious about and interested in the art of wine.","og_url":"https:\/\/pocas.pt\/product-category\/fora-da-serie-en\/?lang=en","og_site_name":"Po\u00e7as - Produtor Independente de Vinhos DOC Douro e do Porto","twitter_card":"summary_large_image","twitter_site":"@pocaswines","schema":{"@context":"https:\/\/schema.org","@graph":[{"@type":"CollectionPage","@id":"https:\/\/pocas.pt\/product-category\/fora-da-serie-en\/?lang=en","url":"https:\/\/pocas.pt\/product-category\/fora-da-serie-en\/?lang=en","name":"Arquivo de Fora da S\u00e9rie - Po\u00e7as - Produtor Independente de Vinhos DOC Douro e do Porto","isPartOf":{"@id":"https:\/\/pocas.pt\/#website"},"breadcrumb":{"@id":"https:\/\/pocas.pt\/product-category\/fora-da-serie-en\/?lang=en#breadcrumb"},"inLanguage":"en-US"},{"@type":"BreadcrumbList","@id":"https:\/\/pocas.pt\/product-category\/fora-da-serie-en\/?lang=en#breadcrumb","itemListElement":[{"@type":"ListItem","position":1,"name":"In\u00edcio","item":"https:\/\/pocas.pt\/en\/"},{"@type":"ListItem","position":2,"name":"Fora da S\u00e9rie"}]},{"@type":"WebSite","@id":"https:\/\/pocas.pt\/#website","url":"https:\/\/pocas.pt\/","name":"Po\u00e7as - Produtor Independente de Vinhos DOC Douro e do Porto","description":"","publisher":{"@id":"https:\/\/pocas.pt\/#organization"},"potentialAction":[{"@type":"SearchAction","target":{"@type":"EntryPoint","urlTemplate":"https:\/\/pocas.pt\/?s={search_term_string}"},"query-input":{"@type":"PropertyValueSpecification","valueRequired":true,"valueName":"search_term_string"}}],"inLanguage":"en-US"},{"@type":"Organization","@id":"https:\/\/pocas.pt\/#organization","name":"Po\u00e7as J\u00fanior","url":"https:\/\/pocas.pt\/","logo":{"@type":"ImageObject","inLanguage":"en-US","@id":"https:\/\/pocas.pt\/#\/schema\/logo\/image\/","url":"https:\/\/pocas.pt\/wp-content\/uploads\/2021\/03\/logotipo-pocas-black.svg","contentUrl":"https:\/\/pocas.pt\/wp-content\/uploads\/2021\/03\/logotipo-pocas-black.svg","width":612,"height":261,"caption":"Po\u00e7as J\u00fanior"},"image":{"@id":"https:\/\/pocas.pt\/#\/schema\/logo\/image\/"},"sameAs":["https:\/\/www.facebook.com\/Pocas.Wines","https:\/\/x.com\/pocaswines","https:\/\/www.instagram.com\/pocaswines\/"]}]}},"_links":{"self":[{"href":"https:\/\/pocas.pt\/en\/wp-json\/wp\/v2\/product_cat\/210","targetHints":{"allow":["GET"]}}],"collection":[{"href":"https:\/\/pocas.pt\/en\/wp-json\/wp\/v2\/product_cat"}],"about":[{"href":"https:\/\/pocas.pt\/en\/wp-json\/wp\/v2\/taxonomies\/product_cat"}],"wp:post_type":[{"href":"https:\/\/pocas.pt\/en\/wp-json\/wp\/v2\/product?product_cat=210"}],"curies":[{"name":"wp","href":"https:\/\/api.w.org\/{rel}","templated":true}]}}