{"id":90,"count":3,"description":"In 2019, Po\u00e7as launched Po\u00e7as Douro, embodying the traditional elegance, freshness and balance of the region. Both the red and white wines do justice to their name and have now been joined by another Po\u00e7as wine - Douro DOC Ros\u00e9.","link":"https:\/\/pocas.pt\/en\/product-category\/pocas-classicos-en\/pocas-douro-en\/","name":"Po\u00e7as Douro","slug":"pocas-douro-en","taxonomy":"product_cat","parent":387,"meta":[],"acf":[],"yoast_head":"<!-- This site is optimized with the Yoast SEO plugin v24.0 - https:\/\/yoast.com\/wordpress\/plugins\/seo\/ -->\r\n<title>Arquivo de Po\u00e7as Douro - Po\u00e7as - Produtor Independente de Vinhos DOC Douro e do Porto<\/title>\r\n<meta name=\"robots\" content=\"index, follow, max-snippet:-1, max-image-preview:large, max-video-preview:-1\" \/>\r\n<link rel=\"canonical\" href=\"https:\/\/pocas.pt\/en\/product-category\/douro-wine\/pocas-douro-en\/\" \/>\r\n<meta property=\"og:locale\" content=\"en_US\" \/>\r\n<meta property=\"og:type\" content=\"article\" \/>\r\n<meta property=\"og:title\" content=\"Arquivo de Po\u00e7as Douro - Po\u00e7as - Produtor Independente de Vinhos DOC Douro e do Porto\" \/>\r\n<meta property=\"og:description\" content=\"In 2019, Po\u00e7as launched Po\u00e7as Douro, embodying the traditional elegance, freshness and balance of the region. Both the red and white wines do justice to their name and have now been joined by another Po\u00e7as wine &#8211; Douro DOC Ros\u00e9.\" \/>\r\n<meta property=\"og:url\" content=\"https:\/\/pocas.pt\/en\/product-category\/douro-wine\/pocas-douro-en\/\" \/>\r\n<meta property=\"og:site_name\" content=\"Po\u00e7as - Produtor Independente de Vinhos DOC Douro e do Porto\" \/>\r\n<meta name=\"twitter:card\" content=\"summary_large_image\" \/>\r\n<meta name=\"twitter:site\" content=\"@pocaswines\" \/>\r\n<script type=\"application\/ld+json\" class=\"yoast-schema-graph\">{\"@context\":\"https:\/\/schema.org\",\"@graph\":[{\"@type\":\"CollectionPage\",\"@id\":\"https:\/\/pocas.pt\/en\/product-category\/douro-wine\/pocas-douro-en\/\",\"url\":\"https:\/\/pocas.pt\/en\/product-category\/douro-wine\/pocas-douro-en\/\",\"name\":\"Arquivo de Po\u00e7as Douro - Po\u00e7as - Produtor Independente de Vinhos DOC Douro e do Porto\",\"isPartOf\":{\"@id\":\"https:\/\/pocas.pt\/#website\"},\"breadcrumb\":{\"@id\":\"https:\/\/pocas.pt\/en\/product-category\/douro-wine\/pocas-douro-en\/#breadcrumb\"},\"inLanguage\":\"en-US\"},{\"@type\":\"BreadcrumbList\",\"@id\":\"https:\/\/pocas.pt\/en\/product-category\/douro-wine\/pocas-douro-en\/#breadcrumb\",\"itemListElement\":[{\"@type\":\"ListItem\",\"position\":1,\"name\":\"In\u00edcio\",\"item\":\"https:\/\/pocas.pt\/en\/\"},{\"@type\":\"ListItem\",\"position\":2,\"name\":\"Po\u00e7as Classics\",\"item\":\"https:\/\/pocas.pt\/en\/product-category\/pocas-classicos-en\/\"},{\"@type\":\"ListItem\",\"position\":3,\"name\":\"Po\u00e7as Douro\"}]},{\"@type\":\"WebSite\",\"@id\":\"https:\/\/pocas.pt\/#website\",\"url\":\"https:\/\/pocas.pt\/\",\"name\":\"Po\u00e7as - Produtor Independente de Vinhos DOC Douro e do Porto\",\"description\":\"\",\"publisher\":{\"@id\":\"https:\/\/pocas.pt\/#organization\"},\"potentialAction\":[{\"@type\":\"SearchAction\",\"target\":{\"@type\":\"EntryPoint\",\"urlTemplate\":\"https:\/\/pocas.pt\/?s={search_term_string}\"},\"query-input\":{\"@type\":\"PropertyValueSpecification\",\"valueRequired\":true,\"valueName\":\"search_term_string\"}}],\"inLanguage\":\"en-US\"},{\"@type\":\"Organization\",\"@id\":\"https:\/\/pocas.pt\/#organization\",\"name\":\"Po\u00e7as J\u00fanior\",\"url\":\"https:\/\/pocas.pt\/\",\"logo\":{\"@type\":\"ImageObject\",\"inLanguage\":\"en-US\",\"@id\":\"https:\/\/pocas.pt\/#\/schema\/logo\/image\/\",\"url\":\"https:\/\/pocas.pt\/wp-content\/uploads\/2021\/03\/logotipo-pocas-black.svg\",\"contentUrl\":\"https:\/\/pocas.pt\/wp-content\/uploads\/2021\/03\/logotipo-pocas-black.svg\",\"width\":612,\"height\":261,\"caption\":\"Po\u00e7as J\u00fanior\"},\"image\":{\"@id\":\"https:\/\/pocas.pt\/#\/schema\/logo\/image\/\"},\"sameAs\":[\"https:\/\/www.facebook.com\/Pocas.Wines\",\"https:\/\/x.com\/pocaswines\",\"https:\/\/www.instagram.com\/pocaswines\/\"]}]}<\/script>\r\n<!-- \/ Yoast SEO plugin. -->","yoast_head_json":{"title":"Arquivo de Po\u00e7as Douro - Po\u00e7as - Produtor Independente de Vinhos DOC Douro e do Porto","robots":{"index":"index","follow":"follow","max-snippet":"max-snippet:-1","max-image-preview":"max-image-preview:large","max-video-preview":"max-video-preview:-1"},"canonical":"https:\/\/pocas.pt\/en\/product-category\/douro-wine\/pocas-douro-en\/","og_locale":"en_US","og_type":"article","og_title":"Arquivo de Po\u00e7as Douro - Po\u00e7as - Produtor Independente de Vinhos DOC Douro e do Porto","og_description":"In 2019, Po\u00e7as launched Po\u00e7as Douro, embodying the traditional elegance, freshness and balance of the region. Both the red and white wines do justice to their name and have now been joined by another Po\u00e7as wine &#8211; Douro DOC Ros\u00e9.","og_url":"https:\/\/pocas.pt\/en\/product-category\/douro-wine\/pocas-douro-en\/","og_site_name":"Po\u00e7as - Produtor Independente de Vinhos DOC Douro e do Porto","twitter_card":"summary_large_image","twitter_site":"@pocaswines","schema":{"@context":"https:\/\/schema.org","@graph":[{"@type":"CollectionPage","@id":"https:\/\/pocas.pt\/en\/product-category\/douro-wine\/pocas-douro-en\/","url":"https:\/\/pocas.pt\/en\/product-category\/douro-wine\/pocas-douro-en\/","name":"Arquivo de Po\u00e7as Douro - Po\u00e7as - Produtor Independente de Vinhos DOC Douro e do Porto","isPartOf":{"@id":"https:\/\/pocas.pt\/#website"},"breadcrumb":{"@id":"https:\/\/pocas.pt\/en\/product-category\/douro-wine\/pocas-douro-en\/#breadcrumb"},"inLanguage":"en-US"},{"@type":"BreadcrumbList","@id":"https:\/\/pocas.pt\/en\/product-category\/douro-wine\/pocas-douro-en\/#breadcrumb","itemListElement":[{"@type":"ListItem","position":1,"name":"In\u00edcio","item":"https:\/\/pocas.pt\/en\/"},{"@type":"ListItem","position":2,"name":"Po\u00e7as Classics","item":"https:\/\/pocas.pt\/en\/product-category\/pocas-classicos-en\/"},{"@type":"ListItem","position":3,"name":"Po\u00e7as Douro"}]},{"@type":"WebSite","@id":"https:\/\/pocas.pt\/#website","url":"https:\/\/pocas.pt\/","name":"Po\u00e7as - Produtor Independente de Vinhos DOC Douro e do Porto","description":"","publisher":{"@id":"https:\/\/pocas.pt\/#organization"},"potentialAction":[{"@type":"SearchAction","target":{"@type":"EntryPoint","urlTemplate":"https:\/\/pocas.pt\/?s={search_term_string}"},"query-input":{"@type":"PropertyValueSpecification","valueRequired":true,"valueName":"search_term_string"}}],"inLanguage":"en-US"},{"@type":"Organization","@id":"https:\/\/pocas.pt\/#organization","name":"Po\u00e7as J\u00fanior","url":"https:\/\/pocas.pt\/","logo":{"@type":"ImageObject","inLanguage":"en-US","@id":"https:\/\/pocas.pt\/#\/schema\/logo\/image\/","url":"https:\/\/pocas.pt\/wp-content\/uploads\/2021\/03\/logotipo-pocas-black.svg","contentUrl":"https:\/\/pocas.pt\/wp-content\/uploads\/2021\/03\/logotipo-pocas-black.svg","width":612,"height":261,"caption":"Po\u00e7as J\u00fanior"},"image":{"@id":"https:\/\/pocas.pt\/#\/schema\/logo\/image\/"},"sameAs":["https:\/\/www.facebook.com\/Pocas.Wines","https:\/\/x.com\/pocaswines","https:\/\/www.instagram.com\/pocaswines\/"]}]}},"_links":{"self":[{"href":"https:\/\/pocas.pt\/en\/wp-json\/wp\/v2\/product_cat\/90","targetHints":{"allow":["GET"]}}],"collection":[{"href":"https:\/\/pocas.pt\/en\/wp-json\/wp\/v2\/product_cat"}],"about":[{"href":"https:\/\/pocas.pt\/en\/wp-json\/wp\/v2\/taxonomies\/product_cat"}],"up":[{"embeddable":true,"href":"https:\/\/pocas.pt\/en\/wp-json\/wp\/v2\/product_cat\/387"}],"wp:post_type":[{"href":"https:\/\/pocas.pt\/en\/wp-json\/wp\/v2\/product?product_cat=90"}],"curies":[{"name":"wp","href":"https:\/\/api.w.org\/{rel}","templated":true}]}}